{"id":142,"date":"2015-09-10T14:41:36","date_gmt":"2015-09-10T12:41:36","guid":{"rendered":"http:\/\/www.noscours.be\/www.bibliorum.net\/?p=142"},"modified":"2015-09-11T10:52:50","modified_gmt":"2015-09-11T08:52:50","slug":"peut-on-perdre-son-salut","status":"publish","type":"post","link":"https:\/\/www.noscours.be\/www.bibliorum.net\/peut-on-perdre-son-salut\/","title":{"rendered":"Peut-on perdre son salut?"},"content":{"rendered":"<p><a href=\"http:\/\/www.noscours.be\/www.bibliorum.net\/wp-content\/uploads\/2015\/09\/go001.jpg\"><img loading=\"lazy\" decoding=\"async\" class=\" wp-image-148 aligncenter\" src=\"http:\/\/www.noscours.be\/www.bibliorum.net\/wp-content\/uploads\/2015\/09\/go001-300x105.jpg\" alt=\"go001\" width=\"305\" height=\"107\" srcset=\"https:\/\/www.noscours.be\/www.bibliorum.net\/wp-content\/uploads\/2015\/09\/go001-300x105.jpg 300w, https:\/\/www.noscours.be\/www.bibliorum.net\/wp-content\/uploads\/2015\/09\/go001.jpg 940w\" sizes=\"auto, (max-width: 305px) 100vw, 305px\" \/><\/a>Houl\u00e0! Dans quoi est-ce que je m&rsquo;engage avec cet article qui a fait couler tellement d&rsquo;encre et qui a divis\u00e9 tellement\u00a0!?!<\/p>\n<p>Alors, d&rsquo;entr\u00e9e de jeu, je le dis tout net: Pour moi, c&rsquo;est une mauvaise question, \u00e0 d\u00e9faut d&rsquo;\u00eatre, d\u00e8s le d\u00e9part, une question pi\u00e8ge.<\/p>\n<p>J&rsquo;ai la nette impression que Dieu balise dans les deux sens: et dans la direction du \u00ab\u00a0oui, on peut perdre son salut\u00a0\u00bb (je pr\u00e9f\u00e8re le dire autrement, j&rsquo;y reviendrai); et dans la direction du \u00ab\u00a0non, \u00e9videmment, on ne peut pas le perdre\u00a0\u00bb.<\/p>\n<p>Je ne vais pas reprendre toute l&rsquo;argumentation et tous les textes qui sont utilis\u00e9s par les deux tendances.<\/p>\n<p>Je crois que Dieu aime nous mettre en tension entre ce que les th\u00e9ologiens appelaient, il y a quelques ann\u00e9es, le \u00ab\u00a0d\u00e9j\u00e0\u00a0\u00bb et le \u00ab\u00a0pas encore\u00a0\u00bb. Nous connaissons tous (!) ces textes qui nous disent que nous sommes \u00ab\u00a0d\u00e9j\u00e0\u00a0\u00bb en Christ, sauv\u00e9s, lav\u00e9s, que nos noms sont inscrits dans les Cieux, etc. Nous connaissons aussi tous (!) ces textes qui font appel au \u00ab\u00a0pas encore\u00a0\u00bb, o\u00f9 il est question de travailler \u00e0 son salut, d&rsquo;achever la course, etc.<\/p>\n<p>Je crois que cette question se situe dans ce cadre-l\u00e0: L\u2019\u0153uvre du Saint-Esprit change imm\u00e9diatement notre identit\u00e9 \u00e0 la conversion. Nous devenons fils\/filles de Dieu. Mais l\u2019\u0153uvre de l&rsquo;Esprit se poursuit toute la vie. C&rsquo;est comme si nous apprenions v\u00e9ritablement \u00e0 \u00eatre au quotidien ce que nous sommes d\u00e9j\u00e0, \u00e0 porter le fruit de l&rsquo;Esprit plut\u00f4t que le n\u00f4tre, etc.<\/p>\n<p>La question de \u00ab\u00a0perdre son salut\u00a0\u00bb est \u00e0 mon sens une mauvaise question, parce qu&rsquo;elle dirige dans une direction qui ne me semble pas juste. C&rsquo;est comme si devant deux routes, on posait la question de savoir si on en prend une troisi\u00e8me qui n&rsquo;existe pas. La question qui me semble plus importante, au lieu de celle-l\u00e0 est plut\u00f4t quelque chose comme: Est-ce que je continue \u00e0 vivre ma nouvelle identit\u00e9 en Christ?<\/p>\n<p>Je ne consid\u00e8re pas, d\u00e8s lors, le salut comme un point sur une ligne du temps (le moment de ma conversion, de mon \u00ab\u00a0oui\u00a0\u00bb \u00e0 Dieu, au sacrifice du Christ, etc.), mais une ligne du temps \u00e0 partir d&rsquo;un point pr\u00e9cis (qui d\u00e9bute au moment de ma conversion): Je suis d\u00e9j\u00e0 sauv\u00e9, mais ce salut se renouvelle chaque instant (comme le besoin de conversion &#8211; d&rsquo;o\u00f9 l&rsquo;institution de la C\u00e8ne par J\u00e9sus, pour revenir au sacrifice r\u00e9guli\u00e8rement). Il y a un d\u00e9j\u00e0, mais aussi un pas encore \u00ab\u00a0accompli, achev\u00e9&#8230;\u00a0\u00bb<\/p>\n<p>La grande question qui reste: Y a-t-il eu v\u00e9ritablement point de d\u00e9part (une conversion &#8211; \u0153uvre de l&rsquo;Esprit Saint) au d\u00e9part de cette nouvelle ligne du temps, ou est-ce que ce n&rsquo;\u00e9tait qu&rsquo;une adh\u00e9sion \u00ab\u00a0intellectuelle\u00a0\u00bb ou \u00ab\u00a0sentimentale\u00a0\u00bb ou&#8230;, donc tout humaine? A mon sens, c&rsquo;est l\u00e0 que l&rsquo;on doit chercher quand il s&rsquo;agit d&rsquo;expliquer pourquoi certaines personnes hyper-engag\u00e9es dans l&rsquo;\u00e9glise ne sont plus \u00ab\u00a0nulle part\u00a0\u00bb (mais qu&rsquo;en sais-je apr\u00e8s tout?) au niveau de la foi.<\/p>\n<p>Pour illustrer notre difficult\u00e9 \u00e0 comprendre pourquoi certains hyper-engag\u00e9s semblent quitter la foi: Si J\u00e9sus dira un jour: \u00ab\u00a0<em>Je ne vous ai jamais connu<\/em>\u00a0\u00bb (Mt.7.21ss) , le<em> jamais<\/em> me dit qu&rsquo;ils ne se sont <em>jamais<\/em> vraiment convertis (J\u00e9sus ne les a jamais rencontr\u00e9s!), et nous, comme les ouvriers de la parabole, nous avons interdiction d&rsquo;arracher, ce n&rsquo;est \u00e9videmment pas notre r\u00f4le (et heureusement!)&#8230; mais cela nous permet de comprendre pourquoi l&rsquo;ivraie semblable au bl\u00e9, quand elle est en communaut\u00e9 de bl\u00e9, peut retourner vivre avec ceux qui ont effectivement la m\u00eame identit\u00e9 qu&rsquo;elle&#8230;<\/p>\n<p>Ce n&rsquo;est \u00e9videmment que mon petit point de vue, merci de ne pas me lapider trop vite! (Sujet sensible oblige).<br \/>\n<script>\/\/ <![CDATA[\nvar refTagger = { settings: { bibleVersion: \"LSG\" } }; (function(d, t) { var g = d.createElement(t), s = d.getElementsByTagName(t)[0]; g.src = \"\/\/api.reftagger.com\/v2\/RefTagger.fr.js\"; s.parentNode.insertBefore(g, s); }(document, \"script\"));\n\/\/ ]]><\/script><\/p>\n","protected":false},"excerpt":{"rendered":"<p>Houl\u00e0! Dans quoi est-ce que je m&rsquo;engage avec cet article qui a fait couler tellement d&rsquo;encre et qui a divis\u00e9 tellement\u00a0!?! Alors, d&rsquo;entr\u00e9e de jeu, je le dis tout net: Pour moi, c&rsquo;est une mauvaise question, \u00e0 d\u00e9faut d&rsquo;\u00eatre, d\u00e8s le d\u00e9part, une question pi\u00e8ge. J&rsquo;ai la nette impression que Dieu balise dans les deux &hellip; <a href=\"https:\/\/www.noscours.be\/www.bibliorum.net\/peut-on-perdre-son-salut\/\" class=\"more-link\">Continuer la lecture de <span class=\"screen-reader-text\">Peut-on perdre son salut?<\/span>  <span class=\"meta-nav\">&rarr;<\/span><\/a><\/p>\n","protected":false},"author":1,"featured_media":0,"comment_status":"open","ping_status":"open","sticky":false,"template":"","format":"standard","meta":{"footnotes":""},"categories":[35],"tags":[38,37,39,36],"class_list":["post-142","post","type-post","status-publish","format-standard","hentry","category-mes-petites-reflexions-perso","tag-conversion","tag-foi","tag-saint-esprit","tag-salut"],"_links":{"self":[{"href":"https:\/\/www.noscours.be\/www.bibliorum.net\/wp-json\/wp\/v2\/posts\/142","targetHints":{"allow":["GET"]}}],"collection":[{"href":"https:\/\/www.noscours.be\/www.bibliorum.net\/wp-json\/wp\/v2\/posts"}],"about":[{"href":"https:\/\/www.noscours.be\/www.bibliorum.net\/wp-json\/wp\/v2\/types\/post"}],"author":[{"embeddable":true,"href":"https:\/\/www.noscours.be\/www.bibliorum.net\/wp-json\/wp\/v2\/users\/1"}],"replies":[{"embeddable":true,"href":"https:\/\/www.noscours.be\/www.bibliorum.net\/wp-json\/wp\/v2\/comments?post=142"}],"version-history":[{"count":9,"href":"https:\/\/www.noscours.be\/www.bibliorum.net\/wp-json\/wp\/v2\/posts\/142\/revisions"}],"predecessor-version":[{"id":153,"href":"https:\/\/www.noscours.be\/www.bibliorum.net\/wp-json\/wp\/v2\/posts\/142\/revisions\/153"}],"wp:attachment":[{"href":"https:\/\/www.noscours.be\/www.bibliorum.net\/wp-json\/wp\/v2\/media?parent=142"}],"wp:term":[{"taxonomy":"category","embeddable":true,"href":"https:\/\/www.noscours.be\/www.bibliorum.net\/wp-json\/wp\/v2\/categories?post=142"},{"taxonomy":"post_tag","embeddable":true,"href":"https:\/\/www.noscours.be\/www.bibliorum.net\/wp-json\/wp\/v2\/tags?post=142"}],"curies":[{"name":"wp","href":"https:\/\/api.w.org\/{rel}","templated":true}]}}